{"id":1168,"date":"2023-06-15T11:58:49","date_gmt":"2023-06-15T09:58:49","guid":{"rendered":"https:\/\/www.khd.at\/?p=1168"},"modified":"2023-06-15T12:01:28","modified_gmt":"2023-06-15T10:01:28","slug":"die-juni-ausgabe-des-kaerntners-ist-jetzt-verfuegbar","status":"publish","type":"post","link":"https:\/\/www.khd.at\/index.php\/die-juni-ausgabe-des-kaerntners-ist-jetzt-verfuegbar\/","title":{"rendered":"DIE JUNI-AUSGABE DES \u201cK\u00c4RNTNERS\u201d IST JETZT VERF\u00dcGBAR!"},"content":{"rendered":"<h3>EIN K\u00c4RNTNER PROBLEM: ABWANDERUNG<\/h3>\n<p><strong><a href=\"https:\/\/www.khd.at\/index.php\/der-karntner\/\">Hier geht es zur aktuellen Ausgabe des \u201cK\u00e4rntners\u201d<\/a><\/strong><\/p>\n<h4>AUS DEM INHALT DER AKTUELLEN AUSGABE:<\/h4>\n<ul>\n<li><strong>KHD-Obmann Andreas M\u00f6lzer:<\/strong> In eigener Sache 3<\/li>\n<li><strong>Andreas M\u00f6lzer:<\/strong> Reziprozit\u00e4t, Frau Pr\u00e4sident! 5<\/li>\n<\/ul>\n<h4>KHD-Aktiv<\/h4>\n<ul>\n<li><strong>Franz Jordan:<\/strong> Gedenken und Erinnern &#8230; 6\u20137\n<ul>\n<li>Abschied ohne Wiederkehr 8\u201311<\/li>\n<li>Gedenken gegen das Vergessen 9<\/li>\n<li>Zur Erinnerung an die \u201eTrag\u00f6die von Bleiburg\u201c 10<\/li>\n<\/ul>\n<\/li>\n<\/ul>\n<p>Unser K\u00e4rnten<\/p>\n<ul>\n<li><strong>Peter Wassertheurer:<\/strong> \u201eGedenken gegen das Vergessen\u201c 12\u201319<\/li>\n<li><strong>Florian Rulitz im Interview:<\/strong> \u201eDie Opfer von Bleiburg haben auch f\u00fcr \u00d6sterreich Bedeutung 20\u201323<\/li>\n<\/ul>\n<h4>Aus K\u00e4rntens Geschichte<\/h4>\n<ul>\n<li><strong>Reinhold Gasper:<\/strong>\n<ul>\n<li>Die W\u00f6rthersee-Demarkationslinie 25<\/li>\n<li>K\u00e4rntner Landeshymne \u2013 eine Aufkl\u00e4rung 26<\/li>\n<\/ul>\n<\/li>\n<\/ul>\n<p>&nbsp;<\/p>\n<p><strong><a href=\"https:\/\/www.khd.at\/index.php\/der-karntner\/\">Die dritte Ausgabe des \u201eK\u00e4rntner\u201c<\/a> <\/strong>im Jahre 2023 besch\u00e4ftigt sich schwerpunktm\u00e4\u00dfig mit dem Opfergedenken. So wie wir allj\u00e4hrlich gemeinsam mit der K\u00e4rntner Konsensgruppe am Klagenfurter Friedhof in Annabichl beim Denkmal f\u00fcr die Opfer des Nationalsozialismus einen Kranz niederlegen, so gedenken wir traditionell schon seit Jahren im slowenischen Liescha der verschleppten K\u00e4rntner, die nach Kriegsende durch die Tito-Partisanen zu Tode gekommen sind. Dieses Totengedenken ist uns eine Ehre und eine Pflicht, die wir auch in Zukunft wahrnehmen werden.<br \/>\nUnseres Erachtens aber geb\u00fchrt allen unschuldigen Opfer von Krieg und Gewalt und Diktatur die gleiche Ehrerbietung. Deshalb berichten wir in dieser Ausgabe auch \u00fcber das Gedenken f\u00fcr die kroatischen Opfer der Trag\u00f6die von Bleiburg, die zu Unrecht samt und sonders als Ustascha-Verbrecher stigmatisiert werden.<br \/>\nW\u00e4hrend in der vorhergehenden Ausgabe des \u201eK\u00e4rntner\u201c ein aktuelles Thema, n\u00e4mlich die Abwanderung junger K\u00e4rntner aus dem Lande im Mittelpunkt stand, ist es nun also die Arbeit von zwei patriotischen Historikern, von Florian Ruhlitz und Peter Wassertheurer, die Sie diesmal nachlesen k\u00f6nnen.<\/p>\n","protected":false},"excerpt":{"rendered":"<p>EIN K\u00c4RNTNER PROBLEM: ABWANDERUNG Hier geht es zur aktuellen Ausgabe des \u201cK\u00e4rntners\u201d AUS DEM INHALT DER AKTUELLEN AUSGABE: KHD-Obmann Andreas M\u00f6lzer: In eigener Sache 3 Andreas M\u00f6lzer: Reziprozit\u00e4t, Frau Pr\u00e4sident! 5 KHD-Aktiv Franz Jordan: Gedenken und Erinnern &#8230; 6\u20137 Abschied ohne Wiederkehr 8\u201311 Gedenken gegen das Vergessen 9 Zur Erinnerung an die \u201eTrag\u00f6die von Bleiburg\u201c [&hellip;]<\/p>\n","protected":false},"author":2,"featured_media":1165,"comment_status":"closed","ping_status":"open","sticky":false,"template":"","format":"standard","meta":{"_bbp_topic_count":0,"_bbp_reply_count":0,"_bbp_total_topic_count":0,"_bbp_total_reply_count":0,"_bbp_voice_count":0,"_bbp_anonymous_reply_count":0,"_bbp_topic_count_hidden":0,"_bbp_reply_count_hidden":0,"_bbp_forum_subforum_count":0,"_themeisle_gutenberg_block_has_review":false},"categories":[101],"tags":[11,16,20,102,53],"_links":{"self":[{"href":"https:\/\/www.khd.at\/index.php\/wp-json\/wp\/v2\/posts\/1168"}],"collection":[{"href":"https:\/\/www.khd.at\/index.php\/wp-json\/wp\/v2\/posts"}],"about":[{"href":"https:\/\/www.khd.at\/index.php\/wp-json\/wp\/v2\/types\/post"}],"author":[{"embeddable":true,"href":"https:\/\/www.khd.at\/index.php\/wp-json\/wp\/v2\/users\/2"}],"replies":[{"embeddable":true,"href":"https:\/\/www.khd.at\/index.php\/wp-json\/wp\/v2\/comments?post=1168"}],"version-history":[{"count":1,"href":"https:\/\/www.khd.at\/index.php\/wp-json\/wp\/v2\/posts\/1168\/revisions"}],"predecessor-version":[{"id":1169,"href":"https:\/\/www.khd.at\/index.php\/wp-json\/wp\/v2\/posts\/1168\/revisions\/1169"}],"wp:featuredmedia":[{"embeddable":true,"href":"https:\/\/www.khd.at\/index.php\/wp-json\/wp\/v2\/media\/1165"}],"wp:attachment":[{"href":"https:\/\/www.khd.at\/index.php\/wp-json\/wp\/v2\/media?parent=1168"}],"wp:term":[{"taxonomy":"category","embeddable":true,"href":"https:\/\/www.khd.at\/index.php\/wp-json\/wp\/v2\/categories?post=1168"},{"taxonomy":"post_tag","embeddable":true,"href":"https:\/\/www.khd.at\/index.php\/wp-json\/wp\/v2\/tags?post=1168"}],"curies":[{"name":"wp","href":"https:\/\/api.w.org\/{rel}","templated":true}]}}