{"id":1298,"date":"2024-05-09T20:31:01","date_gmt":"2024-05-09T18:31:01","guid":{"rendered":"https:\/\/www.khd.at\/?p=1298"},"modified":"2024-05-09T20:31:01","modified_gmt":"2024-05-09T18:31:01","slug":"opfergedenken-in-liescha","status":"publish","type":"post","link":"https:\/\/www.khd.at\/index.php\/opfergedenken-in-liescha\/","title":{"rendered":"Opfergedenken in Liescha"},"content":{"rendered":"<h3>Vom verstorbenen Alt-B\u00fcrgermeister Othmar Mory initiiert, findet seit 1990 allj\u00e4hrlich zum Christi Himmelfahrtstag in Slowenien ein schlichtes Gedenken an die nach Kriegsende in den Maitagen 1945 verschleppten und ermordeten K\u00e4rntner Zivilpersonen statt.<\/h3>\n<p><img decoding=\"async\" loading=\"lazy\" class=\"alignnone size-full wp-image-1301\" src=\"https:\/\/www.khd.at\/wp-content\/uploads\/2024\/05\/IMG_6392.jpeg\" alt=\"\" width=\"2048\" height=\"1536\" \/><\/p>\n<p>Auf Einladung des K\u00e4rntner Heimatdienstes fand am Donnerstag, den 9. Mai 20224 ein Gedenkgottesdienst in der Kirche mit Dechant Ivan Olip und der Mitwirkung des MGV Petzen\/Loibach statt. Im Anschluss an die heilige Messe gab es Gedenkworte von Opferangeh\u00f6rigen und Vertretern des \u00f6ffentlichen Lebens, unter anderem von Marjan Sturm und KHD-Obmann Andreas M\u00f6lzer. Danach erfolgte eine Kranzniederlegung beim Kreuz vor der Kirche sowie im benachbarten Wald, wo die Opfer ihre letzte Ruhe fanden.<\/p>\n<p><img decoding=\"async\" loading=\"lazy\" class=\"alignnone size-full wp-image-1300\" src=\"https:\/\/www.khd.at\/wp-content\/uploads\/2024\/05\/IMG_6384.jpeg\" alt=\"\" width=\"2048\" height=\"1536\" \/><\/p>\n","protected":false},"excerpt":{"rendered":"<p>Vom verstorbenen Alt-B\u00fcrgermeister Othmar Mory initiiert, findet seit 1990 allj\u00e4hrlich zum Christi Himmelfahrtstag in Slowenien ein schlichtes Gedenken an die nach Kriegsende in den Maitagen 1945 verschleppten und ermordeten K\u00e4rntner Zivilpersonen statt. Auf Einladung des K\u00e4rntner Heimatdienstes fand am Donnerstag, den 9. Mai 20224 ein Gedenkgottesdienst in der Kirche mit Dechant Ivan Olip und der [&hellip;]<\/p>\n","protected":false},"author":2,"featured_media":1302,"comment_status":"closed","ping_status":"open","sticky":false,"template":"","format":"standard","meta":{"_bbp_topic_count":0,"_bbp_reply_count":0,"_bbp_total_topic_count":0,"_bbp_total_reply_count":0,"_bbp_voice_count":0,"_bbp_anonymous_reply_count":0,"_bbp_topic_count_hidden":0,"_bbp_reply_count_hidden":0,"_bbp_forum_subforum_count":0,"_themeisle_gutenberg_block_has_review":false},"categories":[111],"tags":[12,130,129],"_links":{"self":[{"href":"https:\/\/www.khd.at\/index.php\/wp-json\/wp\/v2\/posts\/1298"}],"collection":[{"href":"https:\/\/www.khd.at\/index.php\/wp-json\/wp\/v2\/posts"}],"about":[{"href":"https:\/\/www.khd.at\/index.php\/wp-json\/wp\/v2\/types\/post"}],"author":[{"embeddable":true,"href":"https:\/\/www.khd.at\/index.php\/wp-json\/wp\/v2\/users\/2"}],"replies":[{"embeddable":true,"href":"https:\/\/www.khd.at\/index.php\/wp-json\/wp\/v2\/comments?post=1298"}],"version-history":[{"count":1,"href":"https:\/\/www.khd.at\/index.php\/wp-json\/wp\/v2\/posts\/1298\/revisions"}],"predecessor-version":[{"id":1303,"href":"https:\/\/www.khd.at\/index.php\/wp-json\/wp\/v2\/posts\/1298\/revisions\/1303"}],"wp:featuredmedia":[{"embeddable":true,"href":"https:\/\/www.khd.at\/index.php\/wp-json\/wp\/v2\/media\/1302"}],"wp:attachment":[{"href":"https:\/\/www.khd.at\/index.php\/wp-json\/wp\/v2\/media?parent=1298"}],"wp:term":[{"taxonomy":"category","embeddable":true,"href":"https:\/\/www.khd.at\/index.php\/wp-json\/wp\/v2\/categories?post=1298"},{"taxonomy":"post_tag","embeddable":true,"href":"https:\/\/www.khd.at\/index.php\/wp-json\/wp\/v2\/tags?post=1298"}],"curies":[{"name":"wp","href":"https:\/\/api.w.org\/{rel}","templated":true}]}}