{"id":777,"date":"2021-04-21T21:17:16","date_gmt":"2021-04-21T19:17:16","guid":{"rendered":"https:\/\/www.khd.at\/?p=777"},"modified":"2021-04-21T21:20:26","modified_gmt":"2021-04-21T19:20:26","slug":"die-corona-pandemie-ist-das-zentrale-thema","status":"publish","type":"post","link":"https:\/\/www.khd.at\/index.php\/die-corona-pandemie-ist-das-zentrale-thema\/","title":{"rendered":"Die Corona-Pandemie ist das zentrale Thema"},"content":{"rendered":"<h2 style=\"text-align: left;\"><strong>Pressemitteilung: <\/strong><strong>Die Corona-Pandemie ist das zentrale Thema<\/strong><\/h2>\n<p style=\"text-align: left;\">&#8230; in der in diesen Tagen an Sie versandten April-Ausgabe von KHD-INTERN &#8211; diese ist auch <a href=\"https:\/\/www.khd.at\/index.php\/khd-intern\/\">hier<\/a> Abrufbar.<\/p>\n<p style=\"text-align: left;\"><strong><u>Das Ziel:<\/u><\/strong> Den Menschen \u00c4ngste zu nehmen und Mut zu machen. Dabei wird die Seuche keinesfalls kleingeredet. Unser Aufruf: Nehmen wir Corona ernst und halten wir alle Grundregeln ein, ohne in \u00e4ngstliche Passivit\u00e4t zu verfallen.Nach ausf\u00fchrlicher Information mit vielen Ausz\u00fcgen aus zahlreichen, auch regierungskritischen Beitr\u00e4gen nationaler und internationaler Experten stellt KHD-INTERN Hoffnung und Zuversicht in den Mittelpunkt mit dem Appell:<\/p>\n<p style=\"text-align: left;\"><u>Positiv denken!<\/u> Statt Gegeneinander, einander helfen. Sich fit halten und das Immunsystem st\u00e4rken ist im Kampf gegen Corona der beste Schutz!<\/p>\n<h3 style=\"text-align: left;\"><strong>Alle Details dazu k\u00f6nnen nachstehenden Beitr\u00e4gen entnommen werden<\/strong>:<\/h3>\n<ul>\n<li style=\"text-align: left;\">Die Corona-Pandemie h\u00e4lt die Welt in Atem. Wie lange noch? Das wei\u00df niemand!<\/li>\n<li style=\"text-align: left;\">Der Lockdown schr\u00e4nkt das Leben der Menschen massiv ein.<\/li>\n<li style=\"text-align: left;\">Eine Pandemie aus Depression und \u00c4ngsten.<\/li>\n<li style=\"text-align: left;\">Corona Kommunikationsblockade.<\/li>\n<li style=\"text-align: left;\">Auch wir werden Corona \u00fcberstehen. Wir d\u00fcrfen nur nicht resignieren und m\u00fcssen auch selbst was tun.<\/li>\n<\/ul>\n<h3 style=\"text-align: left;\"><strong>\u00a0<\/strong><strong>Neben Corona vergisst der KHD aber nicht auf seine traditionellen Aufgaben<\/strong><\/h3>\n<p style=\"text-align: left;\"><u>Dazu wird im KHD-INTERN ausgef\u00fchrt:<\/u> Wir haben im abgelaufenen 100-Jahrjubil\u00e4um erfolgreich gezeigt, dass unsere Traditionspflege kein Ablaufdatum hat und auch nicht in Widerspruch steht zu unserem Bem\u00fchen um Verst\u00e4ndigung- und Vers\u00f6hnung.<\/p>\n<p style=\"text-align: left;\"><u>Dennoch<\/u>: Unser Traditionsbewusstsein ist untrennbar verbunden mit dem Festhalten an unserer historisch gewachsenen Lebensweise.<\/p>\n<p style=\"text-align: left;\">Das schlie\u00dft u.a. die <u>Absage an ausuferndem \u201eGendern\u201c<\/u> <u>ebenso ein,<\/u> <u>wie<\/u> einen <u>radikalen \u201eAntirassismus\u201c,<\/u> der sich immer aggressiver gegen unsere althergebrachten Werte innerhalb unserer westlichen Gemeinschaft richtet und vor Bilder- und Denkmalst\u00fcrmen nicht Halt macht.<\/p>\n<p style=\"text-align: left;\"><u>Dazu wird im KHD-INTERN aufgerufen<\/u>: <strong>Halten wir allen wertezerst\u00f6renden Angriffen stand und bewahren wir unsere K\u00e4rntner Heimat lebens- und liebenswert<\/strong>.<\/p>\n<p style=\"text-align: center;\"><strong><em>Der KHD macht N\u00e4gel mit K\u00f6pfen!<\/em><\/strong><em> Wir reden nicht nur \u00fcber Vers\u00f6hnung und Verst\u00e4ndigung, wir handeln auch, wie<a href=\"https:\/\/www.khd.at\/index.php\/5-000-euro-belohnung-fuer-ausforschung-der-ortstafelbeschmierer-ausbezahlt\/\"> die Auszahlung einer Belohnung von 5.000 Euro f\u00fcr die Ausforschung von T\u00e4tern<\/a> zeigt, die die slowenische Bezeichnung auf Ortstafeln \u00fcberschmierten.<\/em><\/p>\n<p style=\"text-align: center;\"><strong>Nun dr\u00e4ngt der KHD auch auf die Ausforschung der gegen das friedliche Zusammenleben mit der Deutschk\u00e4rntner Mehrheitsbev\u00f6lkerung gerichteten linksradikalen Gedenkst\u00e4ttensch\u00e4nder.<\/strong><\/p>\n","protected":false},"excerpt":{"rendered":"<p>Pressemitteilung: Die Corona-Pandemie ist das zentrale Thema &#8230; in der in diesen Tagen an Sie versandten April-Ausgabe von KHD-INTERN &#8211; diese ist auch hier Abrufbar. Das Ziel: Den Menschen \u00c4ngste zu nehmen und Mut zu machen. Dabei wird die Seuche keinesfalls kleingeredet. Unser Aufruf: Nehmen wir Corona ernst und halten wir alle Grundregeln ein, ohne [&hellip;]<\/p>\n","protected":false},"author":2,"featured_media":778,"comment_status":"closed","ping_status":"open","sticky":false,"template":"","format":"standard","meta":{"_bbp_topic_count":0,"_bbp_reply_count":0,"_bbp_total_topic_count":0,"_bbp_total_reply_count":0,"_bbp_voice_count":0,"_bbp_anonymous_reply_count":0,"_bbp_topic_count_hidden":0,"_bbp_reply_count_hidden":0,"_bbp_forum_subforum_count":0,"_themeisle_gutenberg_block_has_review":false},"categories":[1],"tags":[],"_links":{"self":[{"href":"https:\/\/www.khd.at\/index.php\/wp-json\/wp\/v2\/posts\/777"}],"collection":[{"href":"https:\/\/www.khd.at\/index.php\/wp-json\/wp\/v2\/posts"}],"about":[{"href":"https:\/\/www.khd.at\/index.php\/wp-json\/wp\/v2\/types\/post"}],"author":[{"embeddable":true,"href":"https:\/\/www.khd.at\/index.php\/wp-json\/wp\/v2\/users\/2"}],"replies":[{"embeddable":true,"href":"https:\/\/www.khd.at\/index.php\/wp-json\/wp\/v2\/comments?post=777"}],"version-history":[{"count":3,"href":"https:\/\/www.khd.at\/index.php\/wp-json\/wp\/v2\/posts\/777\/revisions"}],"predecessor-version":[{"id":784,"href":"https:\/\/www.khd.at\/index.php\/wp-json\/wp\/v2\/posts\/777\/revisions\/784"}],"wp:featuredmedia":[{"embeddable":true,"href":"https:\/\/www.khd.at\/index.php\/wp-json\/wp\/v2\/media\/778"}],"wp:attachment":[{"href":"https:\/\/www.khd.at\/index.php\/wp-json\/wp\/v2\/media?parent=777"}],"wp:term":[{"taxonomy":"category","embeddable":true,"href":"https:\/\/www.khd.at\/index.php\/wp-json\/wp\/v2\/categories?post=777"},{"taxonomy":"post_tag","embeddable":true,"href":"https:\/\/www.khd.at\/index.php\/wp-json\/wp\/v2\/tags?post=777"}],"curies":[{"name":"wp","href":"https:\/\/api.w.org\/{rel}","templated":true}]}}