{"id":804,"date":"2021-07-07T14:52:32","date_gmt":"2021-07-07T12:52:32","guid":{"rendered":"https:\/\/www.khd.at\/?p=804"},"modified":"2021-07-07T14:52:32","modified_gmt":"2021-07-07T12:52:32","slug":"kaerntens-umkaempfte-grenze","status":"publish","type":"post","link":"https:\/\/www.khd.at\/index.php\/kaerntens-umkaempfte-grenze\/","title":{"rendered":"\u201eK\u00e4rntens umk\u00e4mpfte Grenze\u201c"},"content":{"rendered":"<p><strong>Die Dokumentation <\/strong><strong>\u201eK\u00e4rntens umk\u00e4mpfte Grenze\u201c war am <\/strong><strong>Samstag den 3. Juli 2021 um 20.15 Uhr in ORF IIIzu sehen.<br \/>\n<\/strong><\/p>\n<p style=\"padding-left: 40px;\"><strong>Bis zum 7. Juli k\u00f6nnen Sie die Doku <a href=\"https:\/\/tvthek.orf.at\/profile\/zeit-geschichte\/13606695\/zeit-geschichte-Kaerntens-umkaempfte-Grenze\/14097647\">hier<\/a> nachsehen.<\/strong><\/p>\n<p>Die vom <u>Regisseur Thomas Hackl<\/u> nach zwei Jahren intensiver Vorbereitungsarbeit erstellte ORF-Produktion \u201eK\u00e4rntens umk\u00e4mpfte Grenze\u201c dokumentiert die wechselvolle Geschichte mit auch kriegerischcn Auseinandersetzungen des Grenzlandes K\u00e4rnten im vergangenen Jahrhundert .<\/p>\n<p>Dazu legt Thomas Hackl in einer Stellungnahme Wert auf die Feststellung, <em>\u201edie Grenze nicht nur als geografisches, sondern auch als politisches Gebilde zu zeigen, als etwas das bis heute noch in den K\u00f6pfen der Menschen verankert sei.\u201c<\/em><\/p>\n<p>In der durchaus kontroversen Sichtweise \u00fcber diese Zeit der K\u00e4rntner Geschichte kommen auch Repr\u00e4sentanten der K\u00c4RNTNER KONSENSGRUPPE als \u201eMeilenstein des Dialogs\u201c, wie Hackl betont, zu Wort.<\/p>\n<p>Die Dokumentation wird, so der Regisseur <em>\u201eauch f\u00fcr Nicht-K\u00e4rntner viel Neues und \u00dcberraschendes bringen.\u201c<\/em><\/p>\n<div id=\"attachment_807\" style=\"width: 2471px\" class=\"wp-caption alignnone\"><img aria-describedby=\"caption-attachment-807\" decoding=\"async\" loading=\"lazy\" class=\"wp-image-807 size-full\" src=\"https:\/\/www.khd.at\/wp-content\/uploads\/2021\/07\/Beitrag-Kleine-Zeitung-zu-DOKU-in-ORF-III-1.jpg\" alt=\"\" width=\"2461\" height=\"1905\" \/><p id=\"caption-attachment-807\" class=\"wp-caption-text\">&#8220;Kleine Zeitung&#8221; vom 28. 6. 2021<\/p><\/div>\n<p><strong>Dazu: Auch wenn die Fu\u00dfball-EM zum Sendetermin eine gro\u00dfe Konkurrenz darstellt, sollte sich gerade die JUGEND &#8211; auch au\u00dferhalb K\u00e4rntens &#8211; diese DOKU ansehen, um sich nach Beurteilung der unterschiedlichen Positionen ein eigenes Bild \u00fcber dieses spannende Kapitel \u00f6sterreichischer Geschichte machen zu k\u00f6nnen. <\/strong><\/p>\n<pre>Bild: Screenshot \"ORF TV-Thek\"<\/pre>\n<p>&nbsp;<\/p>\n","protected":false},"excerpt":{"rendered":"<p>Die Dokumentation \u201eK\u00e4rntens umk\u00e4mpfte Grenze\u201c war am Samstag den 3. Juli 2021 um 20.15 Uhr in ORF IIIzu sehen. Bis zum 7. Juli k\u00f6nnen Sie die Doku hier nachsehen. Die vom Regisseur Thomas Hackl nach zwei Jahren intensiver Vorbereitungsarbeit erstellte ORF-Produktion \u201eK\u00e4rntens umk\u00e4mpfte Grenze\u201c dokumentiert die wechselvolle Geschichte mit auch kriegerischcn Auseinandersetzungen des Grenzlandes K\u00e4rnten [&hellip;]<\/p>\n","protected":false},"author":2,"featured_media":805,"comment_status":"closed","ping_status":"open","sticky":false,"template":"","format":"standard","meta":{"_bbp_topic_count":0,"_bbp_reply_count":0,"_bbp_total_topic_count":0,"_bbp_total_reply_count":0,"_bbp_voice_count":0,"_bbp_anonymous_reply_count":0,"_bbp_topic_count_hidden":0,"_bbp_reply_count_hidden":0,"_bbp_forum_subforum_count":0,"_themeisle_gutenberg_block_has_review":false},"categories":[8],"tags":[],"_links":{"self":[{"href":"https:\/\/www.khd.at\/index.php\/wp-json\/wp\/v2\/posts\/804"}],"collection":[{"href":"https:\/\/www.khd.at\/index.php\/wp-json\/wp\/v2\/posts"}],"about":[{"href":"https:\/\/www.khd.at\/index.php\/wp-json\/wp\/v2\/types\/post"}],"author":[{"embeddable":true,"href":"https:\/\/www.khd.at\/index.php\/wp-json\/wp\/v2\/users\/2"}],"replies":[{"embeddable":true,"href":"https:\/\/www.khd.at\/index.php\/wp-json\/wp\/v2\/comments?post=804"}],"version-history":[{"count":1,"href":"https:\/\/www.khd.at\/index.php\/wp-json\/wp\/v2\/posts\/804\/revisions"}],"predecessor-version":[{"id":808,"href":"https:\/\/www.khd.at\/index.php\/wp-json\/wp\/v2\/posts\/804\/revisions\/808"}],"wp:featuredmedia":[{"embeddable":true,"href":"https:\/\/www.khd.at\/index.php\/wp-json\/wp\/v2\/media\/805"}],"wp:attachment":[{"href":"https:\/\/www.khd.at\/index.php\/wp-json\/wp\/v2\/media?parent=804"}],"wp:term":[{"taxonomy":"category","embeddable":true,"href":"https:\/\/www.khd.at\/index.php\/wp-json\/wp\/v2\/categories?post=804"},{"taxonomy":"post_tag","embeddable":true,"href":"https:\/\/www.khd.at\/index.php\/wp-json\/wp\/v2\/tags?post=804"}],"curies":[{"name":"wp","href":"https:\/\/api.w.org\/{rel}","templated":true}]}}