{"id":824,"date":"2021-10-08T13:04:42","date_gmt":"2021-10-08T11:04:42","guid":{"rendered":"https:\/\/www.khd.at\/?p=824"},"modified":"2021-10-08T13:06:26","modified_gmt":"2021-10-08T11:06:26","slug":"gedenktafel-enthuellung","status":"publish","type":"post","link":"https:\/\/www.khd.at\/index.php\/gedenktafel-enthuellung\/","title":{"rendered":"Gedenktafel-Enth\u00fcllung"},"content":{"rendered":"<p style=\"text-align: center;\">6. Oktober 2021 in V\u00f6lkermarkt<\/p>\n<h2 style=\"text-align: center;\">Gedenkworte von KHD-Obmann Josef Feldner<\/h2>\n<p style=\"text-align: center;\"><strong>Sehr geehrte Damen und Herren! Spo\u0161tovane dame in gospodje<\/strong><\/p>\n<p>Wir enth\u00fcllen heute eine Gedenktafel, auf der gefallene K\u00e4mpfer von beiden Seiten namentlich genannt sind, aber nicht nach nationaler, staatlicher oder milit\u00e4rischer Zugeh\u00f6rigkeit, sondern nach dem Alphabet. Damit schreiben wir ein neues Kapitel der grenz\u00fcberschreitenden Gedenkkultur und setzen einen \u00f6sterreichweit bisher einzigartigen Akt der Vers\u00f6hnung im Streben nach \u00dcberwindung von beiderseits seit 100 Jahren bestehenden Aversionen und Misstrauen.<\/p>\n<p>Aber bis dorthin ist es noch ein weiter Weg, zumal in 100 Jahren h\u00fcben wie dr\u00fcben eingebrannte Nationalismen, verbunden mit einer einseitigen Geschichtsauffassung, jegliches Bem\u00fchen um Vers\u00f6hnung im Keim erstickten.<\/p>\n<p>So sch\u00f6n und auch wichtig es ist, bei Workshops, in Seminaren oder sonstigen Veranstaltungen f\u00fcr Verst\u00e4ndigung und Vers\u00f6hnung einzutreten, so wirkungslos ist es, wenn die wichtigen wissenschaftlichen Erkenntnisse nicht auch in die Tat umgesetzt werden.<\/p>\n<p>Wir in der K\u00e4rntner Konsensgruppe haben nicht nur geredet, wir haben gehandelt und N\u00e4gel mit K\u00f6pfen gemacht:<\/p>\n<p>Angefangen mit dem Ortstafelkompromiss vor sechzehn Jahren, welcher die Basis f\u00fcr eine endliche Ortstafel-L\u00f6sung geworden ist, bis zu unseren seit Jahren jeweils im Oktober durchgef\u00fchrten gemeinsamen Veranstaltungen im Gedenken an die Opfer beider Kampfparteien.<\/p>\n<p>Mit dem gro\u00dfen Erfolg, dass nach anf\u00e4nglichem Z\u00f6gern, im Jahr 2016 erstmals auch Spitzenrepr\u00e4sentanten des \u201eGeneral Maister Verbandes\u201c &#8211; Nachkommen unserer einstigen milit\u00e4rischen Gegner aus Slowenien \u2013 teilgenommen haben.<\/p>\n<p>Aber auch damit wollen wir uns nicht zufriedengeben! Wir wollen mit unserer Gedenktafel diesen wichtigen Schritt zur Vers\u00f6hnung, f\u00fcr alle sichtbar und greifbar, \u00f6ffentlich dokumentieren als bleibendes Monument eines gelungenen Kapitels im Bereich der Vergangenheitsbew\u00e4ltigung.<\/p>\n<p>Und dennoch: Wir d\u00fcrfen in unserer Vers\u00f6hnungsarbeit nicht nachlassen. Zu viele Menschen beider Zungen gilt es noch von der Notwendigkeit zu \u00fcberzeugen, sprachliche und ethnische Barrieren zu \u00fcberwinden. Nicht allein um ein friedliches Miteinander zu festigen, sondern auch um gemeinsam den weltweit drohenden ungeheuren Herausforderungen zu begegnen. Dar\u00fcber hinaus wollen wir aber auch europaweit Vorbildwirkung erzielen und zur Nachahmung anregen.<\/p>\n<p>Meine Damen und Herren!<\/p>\n<p>Auch wenn noch viel, sehr viel zu tun ist, so k\u00f6nnen wir jetzt schon angesichts eines weitestgehend konfliktfreien Zusammenlebens der Menschen im einst hei\u00df umk\u00e4mpften K\u00e4rntner Grenzland sagen:<\/p>\n<p style=\"text-align: center;\"><strong>Der Abwehrkampf ist zu Ende!<\/strong><\/p>\n<p>Wir k\u00f6nnen heute die Kr\u00e4fte weg vom Gegeneinander verst\u00e4rkt zum fruchtbringenden Miteinander einsetzen. Das kommt auch der slowenischen Volksgruppe im Streben nach Festigung und Weiterentwicklung ihrer sprachlichen und ethnischen Besonderheit zugute.<\/p>\n<p>Viel zulange ist es auch nach dem Ersten Weltkrieg den Minderheiten in ganz Europa nicht gut gegangen. Aber auch nach Zerschlagung des nationalsozialistischen Terrorregimes, in welchem die Minderheit vom Ausl\u00f6schen bedroht gewesen ist, waren auch in der Zweiten Republik die Entwicklungsm\u00f6glichkeiten unserer slowenischen Mitb\u00fcrger nicht zufriedenstellend.<\/p>\n<p>Das sage ich durchaus selbstkritisch als jemand, der im zivilgesellschaftlichen Bereich Volksgruppenrechte stets statisch und nicht dynamisch gesehen hat, was etwa in der Ortstafelfrage mit zu einem jahrzehntelangem Stillstand beigetragen hat.<\/p>\n<p>Heute gibt eine Abkehr vom statischen Festhalten am Buchstaben des Art.7 des Staatsvertrages 1955 der slowenischen Volksgruppe dar\u00fcberhinausgehende neue M\u00f6glichkeiten der sprachlichen und kulturellen Weiterentwicklung. Dabei sollten Dialogbereitschaft und auch Augenma\u00df bekundet werden:<\/p>\n<p>Zur Weiterentwicklung in einem Biotop, in welchem Mehrheit wie Minderheit befreit von gegenseitigen Schuldzuweisungen und frei von Misstrauen und Aversionen ihre Sprache und Kultur pflegen k\u00f6nnen.<\/p>\n<p>Meine Damen und Herren!<\/p>\n<p>Wenn wir heute auf einer Gedenktafel dokumentiertes gemeinsames Opfergedenken als wichtigen Akt der Vers\u00f6hnung feiern, dann bedeutet das f\u00fcr den K\u00e4rntner Heimatdienst keine Abkehr von seinem Traditionsbewusstsein. Neben Pflege unserer gemeinsamen Kultur und unserer deutschen Muttersprache, werden wir auch in Zukunft den K\u00e4rntner Abwehrk\u00e4mpfern ein ehrendes Angedenken bewahren, so wie wir auch Verst\u00e4ndnis zeigen, f\u00fcr das Gedenken in Slowenien an die K\u00e4mpfer um die Nordgrenze.<\/p>\n<p>Bei gegenseitigem Respekt, ohne jegliches Anspruchsdenken, frei von Aversionen und Misstrauen, k\u00f6nnen auch wir die Worte des slowenischen Nationaldichters France Pre\u0161eren aus seinem Trinkspruch Zdravljica als gemeinsames Kulturgut \u00fcbernehmen:<\/p>\n<h3 style=\"text-align: center;\"><em>\u201eEs leben alle V\u00f6lker, die sehnend warten auf den Tag, dass unter dieser Sonne die Welt dem alten Streit entsag! Frei sei dann jedermann, nicht Feind, nur Nachbar mehr fortan!<\/em><\/h3>\n<pre>Bild: fritzpress<\/pre>\n","protected":false},"excerpt":{"rendered":"<p>6. Oktober 2021 in V\u00f6lkermarkt Gedenkworte von KHD-Obmann Josef Feldner Sehr geehrte Damen und Herren! Spo\u0161tovane dame in gospodje Wir enth\u00fcllen heute eine Gedenktafel, auf der gefallene K\u00e4mpfer von beiden Seiten namentlich genannt sind, aber nicht nach nationaler, staatlicher oder milit\u00e4rischer Zugeh\u00f6rigkeit, sondern nach dem Alphabet. Damit schreiben wir ein neues Kapitel der grenz\u00fcberschreitenden Gedenkkultur [&hellip;]<\/p>\n","protected":false},"author":2,"featured_media":825,"comment_status":"closed","ping_status":"open","sticky":false,"template":"","format":"standard","meta":{"_bbp_topic_count":0,"_bbp_reply_count":0,"_bbp_total_topic_count":0,"_bbp_total_reply_count":0,"_bbp_voice_count":0,"_bbp_anonymous_reply_count":0,"_bbp_topic_count_hidden":0,"_bbp_reply_count_hidden":0,"_bbp_forum_subforum_count":0,"_themeisle_gutenberg_block_has_review":false},"categories":[8],"tags":[42,13,41,16,12],"_links":{"self":[{"href":"https:\/\/www.khd.at\/index.php\/wp-json\/wp\/v2\/posts\/824"}],"collection":[{"href":"https:\/\/www.khd.at\/index.php\/wp-json\/wp\/v2\/posts"}],"about":[{"href":"https:\/\/www.khd.at\/index.php\/wp-json\/wp\/v2\/types\/post"}],"author":[{"embeddable":true,"href":"https:\/\/www.khd.at\/index.php\/wp-json\/wp\/v2\/users\/2"}],"replies":[{"embeddable":true,"href":"https:\/\/www.khd.at\/index.php\/wp-json\/wp\/v2\/comments?post=824"}],"version-history":[{"count":3,"href":"https:\/\/www.khd.at\/index.php\/wp-json\/wp\/v2\/posts\/824\/revisions"}],"predecessor-version":[{"id":827,"href":"https:\/\/www.khd.at\/index.php\/wp-json\/wp\/v2\/posts\/824\/revisions\/827"}],"wp:featuredmedia":[{"embeddable":true,"href":"https:\/\/www.khd.at\/index.php\/wp-json\/wp\/v2\/media\/825"}],"wp:attachment":[{"href":"https:\/\/www.khd.at\/index.php\/wp-json\/wp\/v2\/media?parent=824"}],"wp:term":[{"taxonomy":"category","embeddable":true,"href":"https:\/\/www.khd.at\/index.php\/wp-json\/wp\/v2\/categories?post=824"},{"taxonomy":"post_tag","embeddable":true,"href":"https:\/\/www.khd.at\/index.php\/wp-json\/wp\/v2\/tags?post=824"}],"curies":[{"name":"wp","href":"https:\/\/api.w.org\/{rel}","templated":true}]}}