{"id":894,"date":"2022-05-27T16:23:33","date_gmt":"2022-05-27T14:23:33","guid":{"rendered":"https:\/\/www.khd.at\/?p=894"},"modified":"2022-05-27T16:23:33","modified_gmt":"2022-05-27T14:23:33","slug":"gemeinsames-gedenken","status":"publish","type":"post","link":"https:\/\/www.khd.at\/index.php\/gemeinsames-gedenken\/","title":{"rendered":"Gemeinsames Gedenken!"},"content":{"rendered":"<div class=\"\" dir=\"auto\">\n<div id=\"jsc_c_7x\" class=\"ecm0bbzt hv4rvrfc ihqw7lf3 dati1w0a\" data-ad-comet-preview=\"message\" data-ad-preview=\"message\">\n<div class=\"j83agx80 cbu4d94t ew0dbk1b irj2b8pg\">\n<div class=\"qzhwtbm6 knvmm38d\">\n<div class=\"kvgmc6g5 cxmmr5t8 oygrvhab hcukyx3x c1et5uql ii04i59q\">\n<div dir=\"auto\">Am 26. Mai fand am Friedhof Annabichl das Gedenken der K\u00e4rntner Konsensgruppe und des KHD f\u00fcr die Opfer des Nationalsozialismus statt.<\/div>\n<div dir=\"auto\">Anschliessend dann, in Lischa\/Slowenien, das Gedenken f\u00fcr die 1945 von den Titopartisanen verschleppten und ermordeten K\u00e4rntner.<\/div>\n<\/div>\n<div class=\"cxmmr5t8 oygrvhab hcukyx3x c1et5uql o9v6fnle ii04i59q\">\n<div dir=\"auto\"><\/div>\n<div dir=\"auto\">Festredner waren Marjan Sturm und KHD-Obmann Andreas M\u00f6lzer.<\/div>\n<\/div>\n<div class=\"cxmmr5t8 oygrvhab hcukyx3x c1et5uql o9v6fnle ii04i59q\">\n<div dir=\"auto\"><\/div>\n<div dir=\"auto\">DIe zentrale Aussage war, dass angesichts der gegenw\u00e4rtigen R\u00fcckkehr des Krieges nach Europa das gemeinsame Opfergedenken eine wesentliche Voraussetzung f\u00fcr die Erhaltung des Friedens ist. Ganz unter dem Motto: Niemals vergessen, aber vergeben und vers\u00f6hnen als Verm\u00e4chtnis aller unschuldigen Opfer!<\/div>\n<pre dir=\"auto\">Bild: FritzPress<\/pre>\n<\/div>\n<\/div>\n<\/div>\n<\/div>\n<\/div>\n","protected":false},"excerpt":{"rendered":"<p>Am 26. Mai fand am Friedhof Annabichl das Gedenken der K\u00e4rntner Konsensgruppe und des KHD f\u00fcr die Opfer des Nationalsozialismus statt. Anschliessend dann, in Lischa\/Slowenien, das Gedenken f\u00fcr die 1945 von den Titopartisanen verschleppten und ermordeten K\u00e4rntner. Festredner waren Marjan Sturm und KHD-Obmann Andreas M\u00f6lzer. DIe zentrale Aussage war, dass angesichts der gegenw\u00e4rtigen R\u00fcckkehr des [&hellip;]<\/p>\n","protected":false},"author":2,"featured_media":895,"comment_status":"closed","ping_status":"open","sticky":false,"template":"","format":"standard","meta":{"_bbp_topic_count":0,"_bbp_reply_count":0,"_bbp_total_topic_count":0,"_bbp_total_reply_count":0,"_bbp_voice_count":0,"_bbp_anonymous_reply_count":0,"_bbp_topic_count_hidden":0,"_bbp_reply_count_hidden":0,"_bbp_forum_subforum_count":0,"_themeisle_gutenberg_block_has_review":false},"categories":[1],"tags":[11,12,10,54,52,53],"_links":{"self":[{"href":"https:\/\/www.khd.at\/index.php\/wp-json\/wp\/v2\/posts\/894"}],"collection":[{"href":"https:\/\/www.khd.at\/index.php\/wp-json\/wp\/v2\/posts"}],"about":[{"href":"https:\/\/www.khd.at\/index.php\/wp-json\/wp\/v2\/types\/post"}],"author":[{"embeddable":true,"href":"https:\/\/www.khd.at\/index.php\/wp-json\/wp\/v2\/users\/2"}],"replies":[{"embeddable":true,"href":"https:\/\/www.khd.at\/index.php\/wp-json\/wp\/v2\/comments?post=894"}],"version-history":[{"count":1,"href":"https:\/\/www.khd.at\/index.php\/wp-json\/wp\/v2\/posts\/894\/revisions"}],"predecessor-version":[{"id":896,"href":"https:\/\/www.khd.at\/index.php\/wp-json\/wp\/v2\/posts\/894\/revisions\/896"}],"wp:featuredmedia":[{"embeddable":true,"href":"https:\/\/www.khd.at\/index.php\/wp-json\/wp\/v2\/media\/895"}],"wp:attachment":[{"href":"https:\/\/www.khd.at\/index.php\/wp-json\/wp\/v2\/media?parent=894"}],"wp:term":[{"taxonomy":"category","embeddable":true,"href":"https:\/\/www.khd.at\/index.php\/wp-json\/wp\/v2\/categories?post=894"},{"taxonomy":"post_tag","embeddable":true,"href":"https:\/\/www.khd.at\/index.php\/wp-json\/wp\/v2\/tags?post=894"}],"curies":[{"name":"wp","href":"https:\/\/api.w.org\/{rel}","templated":true}]}}